{"id":1036,"date":"2021-06-14T12:43:31","date_gmt":"2021-06-14T10:43:31","guid":{"rendered":"https:\/\/www.grainsdepossible.fr\/?p=1036"},"modified":"2024-05-02T16:13:11","modified_gmt":"2024-05-02T14:13:11","slug":"la-parabole-de-semence-et-de-la-graine-de-moutarde","status":"publish","type":"post","link":"https:\/\/www.grainsdepossible.fr\/index.php\/2021\/06\/14\/la-parabole-de-semence-et-de-la-graine-de-moutarde\/","title":{"rendered":"La semence et la graine de moutarde"},"content":{"rendered":"\n<figure class=\"wp-block-image size-large\"><img decoding=\"async\" loading=\"lazy\" width=\"1024\" height=\"789\" src=\"https:\/\/www.grainsdepossible.fr\/wp-content\/uploads\/2021\/06\/IMG_3346-1024x789.jpg\" alt=\"\" class=\"wp-image-1037\" srcset=\"https:\/\/www.grainsdepossible.fr\/wp-content\/uploads\/2021\/06\/IMG_3346-1024x789.jpg 1024w, https:\/\/www.grainsdepossible.fr\/wp-content\/uploads\/2021\/06\/IMG_3346-300x231.jpg 300w, https:\/\/www.grainsdepossible.fr\/wp-content\/uploads\/2021\/06\/IMG_3346-768x592.jpg 768w, https:\/\/www.grainsdepossible.fr\/wp-content\/uploads\/2021\/06\/IMG_3346-1536x1184.jpg 1536w, https:\/\/www.grainsdepossible.fr\/wp-content\/uploads\/2021\/06\/IMG_3346-2048x1578.jpg 2048w, https:\/\/www.grainsdepossible.fr\/wp-content\/uploads\/2021\/06\/IMG_3346-350x270.jpg 350w\" sizes=\"(max-width: 1024px) 100vw, 1024px\" \/><\/figure>\n\n\n\n<h2 class=\"wp-block-heading\"><strong>Vers l&rsquo;invisible du royaume <\/strong><\/h2>\n\n\n\n<p><strong>Une parabole dit \u00ab\u00a0c&rsquo;est comme\u00a0\u00bb, autrement dit, c&rsquo;est \u00e7a et ce n&rsquo;est pas tout \u00e0 fait \u00e7a. Une parabole emp\u00eache de faire trop de bruit autour des images qu&rsquo;elle propose ; elle interroge nos coeurs : comment entendons-nous ? Plus nous apprenons \u00e0 \u00e9couter, plus nous entendons et pouvons recevoir.<\/strong><\/p>\n\n\n\n<div class=\"wp-block-columns is-layout-flex wp-container-3\">\n<div class=\"wp-block-column is-layout-flow\">\n<p><mark style=\"background-color:rgba(0, 0, 0, 0);color:#0071a1\" class=\"has-inline-color\"><sup><a href=\"https:\/\/www.levangile.com\/Comparateur-Bible-41-4-26.htm\">26<\/a><\/sup>\u00a0Il disait : \u00ab Ainsi est le royaume de Dieu : comme un homme qui jette la semence sur la terre.<br><sup><a href=\"https:\/\/www.levangile.com\/Comparateur-Bible-41-4-27.htm\">27<\/a><\/sup>\u00a0Qu\u2019il dorme et se r\u00e9veille, nuit et jour, la semence germe, se d\u00e9veloppe : comment, il ne sait pas\u2026<br><sup><a href=\"https:\/\/www.levangile.com\/Comparateur-Bible-41-4-28.htm\">28<\/a><\/sup>\u00a0D\u2019elle-m\u00eame, la terre porte du fruit : d\u2019abord herbe, puis \u00e9pi, puis plein de bl\u00e9 dans l\u2019\u00e9pi.<br><sup><a href=\"https:\/\/www.levangile.com\/Comparateur-Bible-41-4-29.htm\">29<\/a><\/sup>\u00a0Quand le fruit se livre, aussit\u00f4t il envoie la faucille, parce que la moisson est l\u00e0 ! \u00bb<br><sup><a href=\"https:\/\/www.levangile.com\/Comparateur-Bible-41-4-30.htm\">30<\/a><\/sup>\u00a0Il disait : \u00ab \u00c0 quoi assimiler le royaume de Dieu ? En quelle parabole allons-nous le poser ?<br><sup><a href=\"https:\/\/www.levangile.com\/Comparateur-Bible-41-4-31.htm\">31<\/a><\/sup>\u00a0Comme une graine de moutarde : quand elle est sem\u00e9e sur terre, elle est la plus petite de toutes les semences sur la terre.<br><sup><a href=\"https:\/\/www.levangile.com\/Comparateur-Bible-41-4-32.htm\">32<\/a><\/sup>\u00a0Et quand elle est sem\u00e9e, elle monte, et devient plus grande que toutes les plantes : elle fait de grandes branches, si bien que : \u201csous son ombre les oiseaux du ciel peuvent faire leur nid.\u201d \u00bb<br><sup><a href=\"https:\/\/www.levangile.com\/Comparateur-Bible-41-4-33.htm\">33<\/a><\/sup>\u00a0Par beaucoup de paraboles semblables, il leur disait la parole, pour autant qu\u2019ils pouvaient entendre.<br><sup><a href=\"https:\/\/www.levangile.com\/Comparateur-Bible-41-4-34.htm\">34<\/a><\/sup>\u00a0Sans parabole, il ne leur parlait pas. Mais, \u00e0 part, \u00e0 ses propres disciples, il expliquait tout. (Marc 4,26-34, trad. S. Jeanne D&rsquo;Arc).<\/mark><\/p>\n<\/div>\n\n\n\n<div class=\"wp-block-column is-layout-flow\">\n<p><mark style=\"background-color:rgba(0, 0, 0, 0)\" class=\"has-inline-color has-black-color\">Le royaume de Dieu est compar\u00e9 \u00e0 un homme &#8211; parce que l&rsquo;humanit\u00e9 aurait quelque chose \u00e0 enseigner du royaume ?<\/mark><\/p>\n\n\n\n<p><mark style=\"background-color:rgba(0, 0, 0, 0)\" class=\"has-inline-color has-black-color\">De l&rsquo;homme auquel le royaume est compar\u00e9 il est dit qu&rsquo;il s\u00e8me et moissonne. Aucune autre action ne lui revient que ces deux-l\u00e0 : mettre la semence en terre &#8211; pas n&rsquo;importe o\u00f9, donc &#8211; et couper le bl\u00e9 d\u00e8s qu&rsquo;il est m\u00fbr &#8211; aussit\u00f4t le temps venu.<\/mark><\/p>\n\n\n\n<p><mark style=\"background-color:rgba(0, 0, 0, 0)\" class=\"has-inline-color has-black-color\">Le processus de germination et de croissance, entre les deux, ne d\u00e9pend ni de son savoir ni de son pouvoir. Que cet homme veille ou dorme, qu&rsquo;il y voit clair ou pas n&#8217;emp\u00eache pas la semence de grandir dans l&rsquo;ombre : \u00ab\u00a0d&rsquo;elle-m\u00eame, la terre porte du fruit\u00a0\u00bb. Comment ? Il ne le sait pas. <\/mark> <\/p>\n\n\n\n<p><mark style=\"background-color:rgba(0, 0, 0, 0)\" class=\"has-inline-color has-black-color\">Ce qui signale que le processus de croissance est arriv\u00e9 \u00e0 son terme c&rsquo;est la pl\u00e9nitude et l&rsquo;abondance du bl\u00e9 en \u00e9pi, et ce qui signale que <\/mark>la moisson peut commencer, c&rsquo;est le fruit qui se livre.<\/p>\n\n\n\n<p><mark style=\"background-color:rgba(0, 0, 0, 0)\" class=\"has-inline-color has-black-color\">Nos fantasmes de puissance pour changer ce qui est subissent une \u00e9rosion radicale et nous sommes pouss\u00e9s \u00e0 apprendre \u00e0 nous situer plus justement<\/mark>.<\/p>\n<\/div>\n<\/div>\n\n\n\n<p><mark style=\"background-color:rgba(0, 0, 0, 0)\" class=\"has-inline-color has-black-color\">Entendre que la graine ne peut rien d&rsquo;elle-m\u00eame. <\/mark><\/p>\n\n\n\n<p><mark style=\"background-color:rgba(0, 0, 0, 0)\" class=\"has-inline-color has-black-color\">Quelle que soit sa taille, mettre la graine en terre est d\u00e9cisif. <\/mark><\/p>\n\n\n\n<p><mark style=\"background-color:rgba(0, 0, 0, 0)\" class=\"has-inline-color has-black-color\">Entendre que le fruit m\u00fbr ne peut attendre pour \u00eatre r\u00e9colt\u00e9. <\/mark><\/p>\n\n\n\n<p><mark style=\"background-color:rgba(0, 0, 0, 0)\" class=\"has-inline-color has-black-color\">Quel que soit le moment, y \u00eatre attentif est d\u00e9terminant.<\/mark>  <\/p>\n\n\n\n<p><mark style=\"background-color:rgba(0, 0, 0, 0)\" class=\"has-inline-color has-black-color\">Si je crains que la graine soit trop petite, d\u00e9risoire, c&rsquo;est que j&rsquo;\u00e9value, et me situe \u00e0 l&rsquo;initiative de la croissance. Si je n&rsquo;accueille pas le fruit qui se livre, c&rsquo;est que je n&rsquo;ai pas appris \u00e0 voir les bl\u00e9s pousser. Je manque encore d&rsquo;intimit\u00e9 avec le processus de germination pour voir la plus petite de toutes les semences devenir la plus grande des plantes &#8211; une plante aux branches si hautes que les oiseaux du ciel peuvent y nicher. <\/mark><\/p>\n\n\n\n<p><mark style=\"background-color:rgba(0, 0, 0, 0)\" class=\"has-inline-color has-black-color\">C&rsquo;est ma confiance qui est sollicit\u00e9e.<strong> <\/strong><\/mark><\/p>\n\n\n\n<p><\/p>\n","protected":false},"excerpt":{"rendered":"<p>Vers l&rsquo;invisible du royaume Une parabole dit \u00ab\u00a0c&rsquo;est comme\u00a0\u00bb, autrement dit, c&rsquo;est \u00e7a et ce n&rsquo;est pas tout \u00e0 fait \u00e7a. Une parabole emp\u00eache de faire trop de bruit autour des images qu&rsquo;elle propose ; elle interroge nos coeurs : comment entendons-nous ? Plus nous apprenons \u00e0 \u00e9couter, plus nous entendons et pouvons recevoir. 26\u00a0Il disait : \u00ab Ainsi est le royaume de Dieu : comme un homme qui jette la semence sur la terre.27\u00a0Qu\u2019il dorme et se r\u00e9veille, nuit&#8230;<\/p>\n<p class=\"read-more\"><a class=\"btn btn-default\" href=\"https:\/\/www.grainsdepossible.fr\/index.php\/2021\/06\/14\/la-parabole-de-semence-et-de-la-graine-de-moutarde\/\">Lire la suite<span class=\"screen-reader-text\"> Lire la suite<\/span><\/a><\/p>\n","protected":false},"author":2,"featured_media":0,"comment_status":"open","ping_status":"open","sticky":false,"template":"","format":"standard","meta":[],"categories":[1],"tags":[],"yoast_head":"<!-- This site is optimized with the Yoast SEO plugin v18.6 - https:\/\/yoast.com\/wordpress\/plugins\/seo\/ -->\n<title>La semence et la graine de moutarde - Grains de Possible<\/title>\n<meta name=\"robots\" content=\"index, follow, max-snippet:-1, max-image-preview:large, max-video-preview:-1\" \/>\n<link rel=\"canonical\" href=\"https:\/\/www.grainsdepossible.fr\/index.php\/2021\/06\/14\/la-parabole-de-semence-et-de-la-graine-de-moutarde\/\" \/>\n<meta property=\"og:locale\" content=\"fr_FR\" \/>\n<meta property=\"og:type\" content=\"article\" \/>\n<meta property=\"og:title\" content=\"La semence et la graine de moutarde - Grains de Possible\" \/>\n<meta property=\"og:description\" content=\"Vers l&rsquo;invisible du royaume Une parabole dit \u00ab\u00a0c&rsquo;est comme\u00a0\u00bb, autrement dit, c&rsquo;est \u00e7a et ce n&rsquo;est pas tout \u00e0 fait \u00e7a. Une parabole emp\u00eache de faire trop de bruit autour des images qu&rsquo;elle propose ; elle interroge nos coeurs : comment entendons-nous ? Plus nous apprenons \u00e0 \u00e9couter, plus nous entendons et pouvons recevoir. 26\u00a0Il disait : \u00ab Ainsi est le royaume de Dieu : comme un homme qui jette la semence sur la terre.27\u00a0Qu\u2019il dorme et se r\u00e9veille, nuit...Lire la suite Lire la suite\" \/>\n<meta property=\"og:url\" content=\"https:\/\/www.grainsdepossible.fr\/index.php\/2021\/06\/14\/la-parabole-de-semence-et-de-la-graine-de-moutarde\/\" \/>\n<meta property=\"og:site_name\" content=\"Grains de Possible\" \/>\n<meta property=\"article:publisher\" content=\"https:\/\/www.facebook.com\/profile.php?id=100016999153784\" \/>\n<meta property=\"article:published_time\" content=\"2021-06-14T10:43:31+00:00\" \/>\n<meta property=\"article:modified_time\" content=\"2024-05-02T14:13:11+00:00\" \/>\n<meta property=\"og:image\" content=\"https:\/\/www.grainsdepossible.fr\/wp-content\/uploads\/2021\/06\/IMG_3346-1024x789.jpg\" \/>\n<meta name=\"twitter:card\" content=\"summary_large_image\" \/>\n<meta name=\"twitter:label1\" content=\"\u00c9crit par\" \/>\n\t<meta name=\"twitter:data1\" content=\"isabelle\" \/>\n\t<meta name=\"twitter:label2\" content=\"Dur\u00e9e de lecture estim\u00e9e\" \/>\n\t<meta name=\"twitter:data2\" content=\"3 minutes\" \/>\n<script type=\"application\/ld+json\" class=\"yoast-schema-graph\">{\"@context\":\"https:\/\/schema.org\",\"@graph\":[{\"@type\":\"WebSite\",\"@id\":\"https:\/\/www.grainsdepossible.fr\/#website\",\"url\":\"https:\/\/www.grainsdepossible.fr\/\",\"name\":\"Grains de Possible\",\"description\":\"\",\"potentialAction\":[{\"@type\":\"SearchAction\",\"target\":{\"@type\":\"EntryPoint\",\"urlTemplate\":\"https:\/\/www.grainsdepossible.fr\/?s={search_term_string}\"},\"query-input\":\"required name=search_term_string\"}],\"inLanguage\":\"fr-FR\"},{\"@type\":\"ImageObject\",\"@id\":\"https:\/\/www.grainsdepossible.fr\/index.php\/2021\/06\/14\/la-parabole-de-semence-et-de-la-graine-de-moutarde\/#primaryimage\",\"inLanguage\":\"fr-FR\",\"url\":\"https:\/\/www.grainsdepossible.fr\/wp-content\/uploads\/2021\/06\/IMG_3346-1024x789.jpg\",\"contentUrl\":\"https:\/\/www.grainsdepossible.fr\/wp-content\/uploads\/2021\/06\/IMG_3346-1024x789.jpg\"},{\"@type\":\"WebPage\",\"@id\":\"https:\/\/www.grainsdepossible.fr\/index.php\/2021\/06\/14\/la-parabole-de-semence-et-de-la-graine-de-moutarde\/#webpage\",\"url\":\"https:\/\/www.grainsdepossible.fr\/index.php\/2021\/06\/14\/la-parabole-de-semence-et-de-la-graine-de-moutarde\/\",\"name\":\"La semence et la graine de moutarde - Grains de Possible\",\"isPartOf\":{\"@id\":\"https:\/\/www.grainsdepossible.fr\/#website\"},\"primaryImageOfPage\":{\"@id\":\"https:\/\/www.grainsdepossible.fr\/index.php\/2021\/06\/14\/la-parabole-de-semence-et-de-la-graine-de-moutarde\/#primaryimage\"},\"datePublished\":\"2021-06-14T10:43:31+00:00\",\"dateModified\":\"2024-05-02T14:13:11+00:00\",\"author\":{\"@id\":\"https:\/\/www.grainsdepossible.fr\/#\/schema\/person\/b759e46734406e3b835796e0c95ac5bc\"},\"breadcrumb\":{\"@id\":\"https:\/\/www.grainsdepossible.fr\/index.php\/2021\/06\/14\/la-parabole-de-semence-et-de-la-graine-de-moutarde\/#breadcrumb\"},\"inLanguage\":\"fr-FR\",\"potentialAction\":[{\"@type\":\"ReadAction\",\"target\":[\"https:\/\/www.grainsdepossible.fr\/index.php\/2021\/06\/14\/la-parabole-de-semence-et-de-la-graine-de-moutarde\/\"]}]},{\"@type\":\"BreadcrumbList\",\"@id\":\"https:\/\/www.grainsdepossible.fr\/index.php\/2021\/06\/14\/la-parabole-de-semence-et-de-la-graine-de-moutarde\/#breadcrumb\",\"itemListElement\":[{\"@type\":\"ListItem\",\"position\":1,\"name\":\"Home\",\"item\":\"https:\/\/www.grainsdepossible.fr\/\"},{\"@type\":\"ListItem\",\"position\":2,\"name\":\"La semence et la graine de moutarde\"}]},{\"@type\":\"Person\",\"@id\":\"https:\/\/www.grainsdepossible.fr\/#\/schema\/person\/b759e46734406e3b835796e0c95ac5bc\",\"name\":\"isabelle\",\"image\":{\"@type\":\"ImageObject\",\"@id\":\"https:\/\/www.grainsdepossible.fr\/#personlogo\",\"inLanguage\":\"fr-FR\",\"url\":\"https:\/\/secure.gravatar.com\/avatar\/df62e7f19b2ffab9d245aee897e90916?s=96&d=mm&r=g\",\"contentUrl\":\"https:\/\/secure.gravatar.com\/avatar\/df62e7f19b2ffab9d245aee897e90916?s=96&d=mm&r=g\",\"caption\":\"isabelle\"}}]}<\/script>\n<!-- \/ Yoast SEO plugin. -->","yoast_head_json":{"title":"La semence et la graine de moutarde - Grains de Possible","robots":{"index":"index","follow":"follow","max-snippet":"max-snippet:-1","max-image-preview":"max-image-preview:large","max-video-preview":"max-video-preview:-1"},"canonical":"https:\/\/www.grainsdepossible.fr\/index.php\/2021\/06\/14\/la-parabole-de-semence-et-de-la-graine-de-moutarde\/","og_locale":"fr_FR","og_type":"article","og_title":"La semence et la graine de moutarde - Grains de Possible","og_description":"Vers l&rsquo;invisible du royaume Une parabole dit \u00ab\u00a0c&rsquo;est comme\u00a0\u00bb, autrement dit, c&rsquo;est \u00e7a et ce n&rsquo;est pas tout \u00e0 fait \u00e7a. Une parabole emp\u00eache de faire trop de bruit autour des images qu&rsquo;elle propose ; elle interroge nos coeurs : comment entendons-nous ? Plus nous apprenons \u00e0 \u00e9couter, plus nous entendons et pouvons recevoir. 26\u00a0Il disait : \u00ab Ainsi est le royaume de Dieu : comme un homme qui jette la semence sur la terre.27\u00a0Qu\u2019il dorme et se r\u00e9veille, nuit...Lire la suite Lire la suite","og_url":"https:\/\/www.grainsdepossible.fr\/index.php\/2021\/06\/14\/la-parabole-de-semence-et-de-la-graine-de-moutarde\/","og_site_name":"Grains de Possible","article_publisher":"https:\/\/www.facebook.com\/profile.php?id=100016999153784","article_published_time":"2021-06-14T10:43:31+00:00","article_modified_time":"2024-05-02T14:13:11+00:00","og_image":[{"url":"https:\/\/www.grainsdepossible.fr\/wp-content\/uploads\/2021\/06\/IMG_3346-1024x789.jpg"}],"twitter_card":"summary_large_image","twitter_misc":{"\u00c9crit par":"isabelle","Dur\u00e9e de lecture estim\u00e9e":"3 minutes"},"schema":{"@context":"https:\/\/schema.org","@graph":[{"@type":"WebSite","@id":"https:\/\/www.grainsdepossible.fr\/#website","url":"https:\/\/www.grainsdepossible.fr\/","name":"Grains de Possible","description":"","potentialAction":[{"@type":"SearchAction","target":{"@type":"EntryPoint","urlTemplate":"https:\/\/www.grainsdepossible.fr\/?s={search_term_string}"},"query-input":"required name=search_term_string"}],"inLanguage":"fr-FR"},{"@type":"ImageObject","@id":"https:\/\/www.grainsdepossible.fr\/index.php\/2021\/06\/14\/la-parabole-de-semence-et-de-la-graine-de-moutarde\/#primaryimage","inLanguage":"fr-FR","url":"https:\/\/www.grainsdepossible.fr\/wp-content\/uploads\/2021\/06\/IMG_3346-1024x789.jpg","contentUrl":"https:\/\/www.grainsdepossible.fr\/wp-content\/uploads\/2021\/06\/IMG_3346-1024x789.jpg"},{"@type":"WebPage","@id":"https:\/\/www.grainsdepossible.fr\/index.php\/2021\/06\/14\/la-parabole-de-semence-et-de-la-graine-de-moutarde\/#webpage","url":"https:\/\/www.grainsdepossible.fr\/index.php\/2021\/06\/14\/la-parabole-de-semence-et-de-la-graine-de-moutarde\/","name":"La semence et la graine de moutarde - Grains de Possible","isPartOf":{"@id":"https:\/\/www.grainsdepossible.fr\/#website"},"primaryImageOfPage":{"@id":"https:\/\/www.grainsdepossible.fr\/index.php\/2021\/06\/14\/la-parabole-de-semence-et-de-la-graine-de-moutarde\/#primaryimage"},"datePublished":"2021-06-14T10:43:31+00:00","dateModified":"2024-05-02T14:13:11+00:00","author":{"@id":"https:\/\/www.grainsdepossible.fr\/#\/schema\/person\/b759e46734406e3b835796e0c95ac5bc"},"breadcrumb":{"@id":"https:\/\/www.grainsdepossible.fr\/index.php\/2021\/06\/14\/la-parabole-de-semence-et-de-la-graine-de-moutarde\/#breadcrumb"},"inLanguage":"fr-FR","potentialAction":[{"@type":"ReadAction","target":["https:\/\/www.grainsdepossible.fr\/index.php\/2021\/06\/14\/la-parabole-de-semence-et-de-la-graine-de-moutarde\/"]}]},{"@type":"BreadcrumbList","@id":"https:\/\/www.grainsdepossible.fr\/index.php\/2021\/06\/14\/la-parabole-de-semence-et-de-la-graine-de-moutarde\/#breadcrumb","itemListElement":[{"@type":"ListItem","position":1,"name":"Home","item":"https:\/\/www.grainsdepossible.fr\/"},{"@type":"ListItem","position":2,"name":"La semence et la graine de moutarde"}]},{"@type":"Person","@id":"https:\/\/www.grainsdepossible.fr\/#\/schema\/person\/b759e46734406e3b835796e0c95ac5bc","name":"isabelle","image":{"@type":"ImageObject","@id":"https:\/\/www.grainsdepossible.fr\/#personlogo","inLanguage":"fr-FR","url":"https:\/\/secure.gravatar.com\/avatar\/df62e7f19b2ffab9d245aee897e90916?s=96&d=mm&r=g","contentUrl":"https:\/\/secure.gravatar.com\/avatar\/df62e7f19b2ffab9d245aee897e90916?s=96&d=mm&r=g","caption":"isabelle"}}]}},"_links":{"self":[{"href":"https:\/\/www.grainsdepossible.fr\/index.php\/wp-json\/wp\/v2\/posts\/1036"}],"collection":[{"href":"https:\/\/www.grainsdepossible.fr\/index.php\/wp-json\/wp\/v2\/posts"}],"about":[{"href":"https:\/\/www.grainsdepossible.fr\/index.php\/wp-json\/wp\/v2\/types\/post"}],"author":[{"embeddable":true,"href":"https:\/\/www.grainsdepossible.fr\/index.php\/wp-json\/wp\/v2\/users\/2"}],"replies":[{"embeddable":true,"href":"https:\/\/www.grainsdepossible.fr\/index.php\/wp-json\/wp\/v2\/comments?post=1036"}],"version-history":[{"count":22,"href":"https:\/\/www.grainsdepossible.fr\/index.php\/wp-json\/wp\/v2\/posts\/1036\/revisions"}],"predecessor-version":[{"id":1433,"href":"https:\/\/www.grainsdepossible.fr\/index.php\/wp-json\/wp\/v2\/posts\/1036\/revisions\/1433"}],"wp:attachment":[{"href":"https:\/\/www.grainsdepossible.fr\/index.php\/wp-json\/wp\/v2\/media?parent=1036"}],"wp:term":[{"taxonomy":"category","embeddable":true,"href":"https:\/\/www.grainsdepossible.fr\/index.php\/wp-json\/wp\/v2\/categories?post=1036"},{"taxonomy":"post_tag","embeddable":true,"href":"https:\/\/www.grainsdepossible.fr\/index.php\/wp-json\/wp\/v2\/tags?post=1036"}],"curies":[{"name":"wp","href":"https:\/\/api.w.org\/{rel}","templated":true}]}}