{"id":1077,"date":"2021-10-10T20:58:06","date_gmt":"2021-10-10T18:58:06","guid":{"rendered":"https:\/\/www.grainsdepossible.fr\/?p=1077"},"modified":"2021-10-10T20:59:15","modified_gmt":"2021-10-10T18:59:15","slug":"etre-cet-arbre-de-geste","status":"publish","type":"post","link":"https:\/\/www.grainsdepossible.fr\/index.php\/2021\/10\/10\/etre-cet-arbre-de-geste\/","title":{"rendered":"\u00catre cet arbre de geste"},"content":{"rendered":"\n<figure class=\"wp-block-image size-large\"><img decoding=\"async\" loading=\"lazy\" width=\"768\" height=\"1024\" src=\"https:\/\/www.grainsdepossible.fr\/wp-content\/uploads\/2021\/05\/IMG_2051-768x1024.jpg\" alt=\"\" class=\"wp-image-857\" srcset=\"https:\/\/www.grainsdepossible.fr\/wp-content\/uploads\/2021\/05\/IMG_2051-768x1024.jpg 768w, https:\/\/www.grainsdepossible.fr\/wp-content\/uploads\/2021\/05\/IMG_2051-225x300.jpg 225w, https:\/\/www.grainsdepossible.fr\/wp-content\/uploads\/2021\/05\/IMG_2051-1152x1536.jpg 1152w, https:\/\/www.grainsdepossible.fr\/wp-content\/uploads\/2021\/05\/IMG_2051-1536x2048.jpg 1536w, https:\/\/www.grainsdepossible.fr\/wp-content\/uploads\/2021\/05\/IMG_2051-202x270.jpg 202w, https:\/\/www.grainsdepossible.fr\/wp-content\/uploads\/2021\/05\/IMG_2051-scaled.jpg 1920w\" sizes=\"(max-width: 768px) 100vw, 768px\" \/><\/figure>\n\n\n\n<p>\u00ab\u00a0Qu&rsquo;il est doux parfois d&rsquo;\u00eatre de ton avis,<\/p>\n\n\n\n<p>fr\u00e8re a\u00een\u00e9, \u00f4 mon corps,<\/p>\n\n\n\n<p>qu&rsquo;il est doux d&rsquo;\u00eatre fort de ta force,<\/p>\n\n\n\n<p>de te sentir feuille, tige, \u00e9corce<\/p>\n\n\n\n<p>et tout ce que tu peux devenir encore,<\/p>\n\n\n\n<p>toi, si pr\u00e8s de l&rsquo;esprit.<\/p>\n\n\n\n<p>Toi, si franc, si uni<\/p>\n\n\n\n<p>dans ta joie manifeste<\/p>\n\n\n\n<p>d&rsquo;\u00eatre cet arbre de gestes<\/p>\n\n\n\n<p>qui, un instant, ralentit<\/p>\n\n\n\n<p>les allures c\u00e9lestes<\/p>\n\n\n\n<p>pour y placer sa vie. \u00ab\u00a0<\/p>\n\n\n\n<p>R.M. Rilke, \u00ab\u00a0Po\u00e8mes fran\u00e7ais\u00a0\u00bb, n\u00b027.<\/p>\n","protected":false},"excerpt":{"rendered":"<p>\u00ab\u00a0Qu&rsquo;il est doux parfois d&rsquo;\u00eatre de ton avis, fr\u00e8re a\u00een\u00e9, \u00f4 mon corps, qu&rsquo;il est doux d&rsquo;\u00eatre fort de ta force, de te sentir feuille, tige, \u00e9corce et tout ce que tu peux devenir encore, toi, si pr\u00e8s de l&rsquo;esprit. Toi, si franc, si uni dans ta joie manifeste d&rsquo;\u00eatre cet arbre de gestes qui, un instant, ralentit les allures c\u00e9lestes pour y placer sa vie. \u00ab\u00a0 R.M. Rilke, \u00ab\u00a0Po\u00e8mes fran\u00e7ais\u00a0\u00bb, n\u00b027.<\/p>\n","protected":false},"author":2,"featured_media":0,"comment_status":"open","ping_status":"open","sticky":false,"template":"","format":"standard","meta":[],"categories":[1],"tags":[],"yoast_head":"<!-- This site is optimized with the Yoast SEO plugin v18.6 - https:\/\/yoast.com\/wordpress\/plugins\/seo\/ -->\n<title>\u00catre cet arbre de geste - Grains de Possible<\/title>\n<meta name=\"robots\" content=\"index, follow, max-snippet:-1, max-image-preview:large, max-video-preview:-1\" \/>\n<link rel=\"canonical\" href=\"https:\/\/www.grainsdepossible.fr\/index.php\/2021\/10\/10\/etre-cet-arbre-de-geste\/\" \/>\n<meta property=\"og:locale\" content=\"fr_FR\" \/>\n<meta property=\"og:type\" content=\"article\" \/>\n<meta property=\"og:title\" content=\"\u00catre cet arbre de geste - Grains de Possible\" \/>\n<meta property=\"og:description\" content=\"\u00ab\u00a0Qu&rsquo;il est doux parfois d&rsquo;\u00eatre de ton avis, fr\u00e8re a\u00een\u00e9, \u00f4 mon corps, qu&rsquo;il est doux d&rsquo;\u00eatre fort de ta force, de te sentir feuille, tige, \u00e9corce et tout ce que tu peux devenir encore, toi, si pr\u00e8s de l&rsquo;esprit. Toi, si franc, si uni dans ta joie manifeste d&rsquo;\u00eatre cet arbre de gestes qui, un instant, ralentit les allures c\u00e9lestes pour y placer sa vie. \u00ab\u00a0 R.M. Rilke, \u00ab\u00a0Po\u00e8mes fran\u00e7ais\u00a0\u00bb, n\u00b027.\" \/>\n<meta property=\"og:url\" content=\"https:\/\/www.grainsdepossible.fr\/index.php\/2021\/10\/10\/etre-cet-arbre-de-geste\/\" \/>\n<meta property=\"og:site_name\" content=\"Grains de Possible\" \/>\n<meta property=\"article:publisher\" content=\"https:\/\/www.facebook.com\/profile.php?id=100016999153784\" \/>\n<meta property=\"article:published_time\" content=\"2021-10-10T18:58:06+00:00\" \/>\n<meta property=\"article:modified_time\" content=\"2021-10-10T18:59:15+00:00\" \/>\n<meta property=\"og:image\" content=\"https:\/\/www.grainsdepossible.fr\/wp-content\/uploads\/2021\/05\/IMG_2051-768x1024.jpg\" \/>\n<meta name=\"twitter:card\" content=\"summary_large_image\" \/>\n<meta name=\"twitter:label1\" content=\"\u00c9crit par\" \/>\n\t<meta name=\"twitter:data1\" content=\"isabelle\" \/>\n<script type=\"application\/ld+json\" class=\"yoast-schema-graph\">{\"@context\":\"https:\/\/schema.org\",\"@graph\":[{\"@type\":\"WebSite\",\"@id\":\"https:\/\/www.grainsdepossible.fr\/#website\",\"url\":\"https:\/\/www.grainsdepossible.fr\/\",\"name\":\"Grains de Possible\",\"description\":\"\",\"potentialAction\":[{\"@type\":\"SearchAction\",\"target\":{\"@type\":\"EntryPoint\",\"urlTemplate\":\"https:\/\/www.grainsdepossible.fr\/?s={search_term_string}\"},\"query-input\":\"required name=search_term_string\"}],\"inLanguage\":\"fr-FR\"},{\"@type\":\"ImageObject\",\"@id\":\"https:\/\/www.grainsdepossible.fr\/index.php\/2021\/10\/10\/etre-cet-arbre-de-geste\/#primaryimage\",\"inLanguage\":\"fr-FR\",\"url\":\"https:\/\/www.grainsdepossible.fr\/wp-content\/uploads\/2021\/05\/IMG_2051-768x1024.jpg\",\"contentUrl\":\"https:\/\/www.grainsdepossible.fr\/wp-content\/uploads\/2021\/05\/IMG_2051-768x1024.jpg\"},{\"@type\":\"WebPage\",\"@id\":\"https:\/\/www.grainsdepossible.fr\/index.php\/2021\/10\/10\/etre-cet-arbre-de-geste\/#webpage\",\"url\":\"https:\/\/www.grainsdepossible.fr\/index.php\/2021\/10\/10\/etre-cet-arbre-de-geste\/\",\"name\":\"\u00catre cet arbre de geste - Grains de Possible\",\"isPartOf\":{\"@id\":\"https:\/\/www.grainsdepossible.fr\/#website\"},\"primaryImageOfPage\":{\"@id\":\"https:\/\/www.grainsdepossible.fr\/index.php\/2021\/10\/10\/etre-cet-arbre-de-geste\/#primaryimage\"},\"datePublished\":\"2021-10-10T18:58:06+00:00\",\"dateModified\":\"2021-10-10T18:59:15+00:00\",\"author\":{\"@id\":\"https:\/\/www.grainsdepossible.fr\/#\/schema\/person\/b759e46734406e3b835796e0c95ac5bc\"},\"breadcrumb\":{\"@id\":\"https:\/\/www.grainsdepossible.fr\/index.php\/2021\/10\/10\/etre-cet-arbre-de-geste\/#breadcrumb\"},\"inLanguage\":\"fr-FR\",\"potentialAction\":[{\"@type\":\"ReadAction\",\"target\":[\"https:\/\/www.grainsdepossible.fr\/index.php\/2021\/10\/10\/etre-cet-arbre-de-geste\/\"]}]},{\"@type\":\"BreadcrumbList\",\"@id\":\"https:\/\/www.grainsdepossible.fr\/index.php\/2021\/10\/10\/etre-cet-arbre-de-geste\/#breadcrumb\",\"itemListElement\":[{\"@type\":\"ListItem\",\"position\":1,\"name\":\"Home\",\"item\":\"https:\/\/www.grainsdepossible.fr\/\"},{\"@type\":\"ListItem\",\"position\":2,\"name\":\"\u00catre cet arbre de geste\"}]},{\"@type\":\"Person\",\"@id\":\"https:\/\/www.grainsdepossible.fr\/#\/schema\/person\/b759e46734406e3b835796e0c95ac5bc\",\"name\":\"isabelle\",\"image\":{\"@type\":\"ImageObject\",\"@id\":\"https:\/\/www.grainsdepossible.fr\/#personlogo\",\"inLanguage\":\"fr-FR\",\"url\":\"https:\/\/secure.gravatar.com\/avatar\/df62e7f19b2ffab9d245aee897e90916?s=96&d=mm&r=g\",\"contentUrl\":\"https:\/\/secure.gravatar.com\/avatar\/df62e7f19b2ffab9d245aee897e90916?s=96&d=mm&r=g\",\"caption\":\"isabelle\"}}]}<\/script>\n<!-- \/ Yoast SEO plugin. -->","yoast_head_json":{"title":"\u00catre cet arbre de geste - Grains de Possible","robots":{"index":"index","follow":"follow","max-snippet":"max-snippet:-1","max-image-preview":"max-image-preview:large","max-video-preview":"max-video-preview:-1"},"canonical":"https:\/\/www.grainsdepossible.fr\/index.php\/2021\/10\/10\/etre-cet-arbre-de-geste\/","og_locale":"fr_FR","og_type":"article","og_title":"\u00catre cet arbre de geste - Grains de Possible","og_description":"\u00ab\u00a0Qu&rsquo;il est doux parfois d&rsquo;\u00eatre de ton avis, fr\u00e8re a\u00een\u00e9, \u00f4 mon corps, qu&rsquo;il est doux d&rsquo;\u00eatre fort de ta force, de te sentir feuille, tige, \u00e9corce et tout ce que tu peux devenir encore, toi, si pr\u00e8s de l&rsquo;esprit. Toi, si franc, si uni dans ta joie manifeste d&rsquo;\u00eatre cet arbre de gestes qui, un instant, ralentit les allures c\u00e9lestes pour y placer sa vie. \u00ab\u00a0 R.M. Rilke, \u00ab\u00a0Po\u00e8mes fran\u00e7ais\u00a0\u00bb, n\u00b027.","og_url":"https:\/\/www.grainsdepossible.fr\/index.php\/2021\/10\/10\/etre-cet-arbre-de-geste\/","og_site_name":"Grains de Possible","article_publisher":"https:\/\/www.facebook.com\/profile.php?id=100016999153784","article_published_time":"2021-10-10T18:58:06+00:00","article_modified_time":"2021-10-10T18:59:15+00:00","og_image":[{"url":"https:\/\/www.grainsdepossible.fr\/wp-content\/uploads\/2021\/05\/IMG_2051-768x1024.jpg"}],"twitter_card":"summary_large_image","twitter_misc":{"\u00c9crit par":"isabelle"},"schema":{"@context":"https:\/\/schema.org","@graph":[{"@type":"WebSite","@id":"https:\/\/www.grainsdepossible.fr\/#website","url":"https:\/\/www.grainsdepossible.fr\/","name":"Grains de Possible","description":"","potentialAction":[{"@type":"SearchAction","target":{"@type":"EntryPoint","urlTemplate":"https:\/\/www.grainsdepossible.fr\/?s={search_term_string}"},"query-input":"required name=search_term_string"}],"inLanguage":"fr-FR"},{"@type":"ImageObject","@id":"https:\/\/www.grainsdepossible.fr\/index.php\/2021\/10\/10\/etre-cet-arbre-de-geste\/#primaryimage","inLanguage":"fr-FR","url":"https:\/\/www.grainsdepossible.fr\/wp-content\/uploads\/2021\/05\/IMG_2051-768x1024.jpg","contentUrl":"https:\/\/www.grainsdepossible.fr\/wp-content\/uploads\/2021\/05\/IMG_2051-768x1024.jpg"},{"@type":"WebPage","@id":"https:\/\/www.grainsdepossible.fr\/index.php\/2021\/10\/10\/etre-cet-arbre-de-geste\/#webpage","url":"https:\/\/www.grainsdepossible.fr\/index.php\/2021\/10\/10\/etre-cet-arbre-de-geste\/","name":"\u00catre cet arbre de geste - Grains de Possible","isPartOf":{"@id":"https:\/\/www.grainsdepossible.fr\/#website"},"primaryImageOfPage":{"@id":"https:\/\/www.grainsdepossible.fr\/index.php\/2021\/10\/10\/etre-cet-arbre-de-geste\/#primaryimage"},"datePublished":"2021-10-10T18:58:06+00:00","dateModified":"2021-10-10T18:59:15+00:00","author":{"@id":"https:\/\/www.grainsdepossible.fr\/#\/schema\/person\/b759e46734406e3b835796e0c95ac5bc"},"breadcrumb":{"@id":"https:\/\/www.grainsdepossible.fr\/index.php\/2021\/10\/10\/etre-cet-arbre-de-geste\/#breadcrumb"},"inLanguage":"fr-FR","potentialAction":[{"@type":"ReadAction","target":["https:\/\/www.grainsdepossible.fr\/index.php\/2021\/10\/10\/etre-cet-arbre-de-geste\/"]}]},{"@type":"BreadcrumbList","@id":"https:\/\/www.grainsdepossible.fr\/index.php\/2021\/10\/10\/etre-cet-arbre-de-geste\/#breadcrumb","itemListElement":[{"@type":"ListItem","position":1,"name":"Home","item":"https:\/\/www.grainsdepossible.fr\/"},{"@type":"ListItem","position":2,"name":"\u00catre cet arbre de geste"}]},{"@type":"Person","@id":"https:\/\/www.grainsdepossible.fr\/#\/schema\/person\/b759e46734406e3b835796e0c95ac5bc","name":"isabelle","image":{"@type":"ImageObject","@id":"https:\/\/www.grainsdepossible.fr\/#personlogo","inLanguage":"fr-FR","url":"https:\/\/secure.gravatar.com\/avatar\/df62e7f19b2ffab9d245aee897e90916?s=96&d=mm&r=g","contentUrl":"https:\/\/secure.gravatar.com\/avatar\/df62e7f19b2ffab9d245aee897e90916?s=96&d=mm&r=g","caption":"isabelle"}}]}},"_links":{"self":[{"href":"https:\/\/www.grainsdepossible.fr\/index.php\/wp-json\/wp\/v2\/posts\/1077"}],"collection":[{"href":"https:\/\/www.grainsdepossible.fr\/index.php\/wp-json\/wp\/v2\/posts"}],"about":[{"href":"https:\/\/www.grainsdepossible.fr\/index.php\/wp-json\/wp\/v2\/types\/post"}],"author":[{"embeddable":true,"href":"https:\/\/www.grainsdepossible.fr\/index.php\/wp-json\/wp\/v2\/users\/2"}],"replies":[{"embeddable":true,"href":"https:\/\/www.grainsdepossible.fr\/index.php\/wp-json\/wp\/v2\/comments?post=1077"}],"version-history":[{"count":2,"href":"https:\/\/www.grainsdepossible.fr\/index.php\/wp-json\/wp\/v2\/posts\/1077\/revisions"}],"predecessor-version":[{"id":1079,"href":"https:\/\/www.grainsdepossible.fr\/index.php\/wp-json\/wp\/v2\/posts\/1077\/revisions\/1079"}],"wp:attachment":[{"href":"https:\/\/www.grainsdepossible.fr\/index.php\/wp-json\/wp\/v2\/media?parent=1077"}],"wp:term":[{"taxonomy":"category","embeddable":true,"href":"https:\/\/www.grainsdepossible.fr\/index.php\/wp-json\/wp\/v2\/categories?post=1077"},{"taxonomy":"post_tag","embeddable":true,"href":"https:\/\/www.grainsdepossible.fr\/index.php\/wp-json\/wp\/v2\/tags?post=1077"}],"curies":[{"name":"wp","href":"https:\/\/api.w.org\/{rel}","templated":true}]}}