{"id":1450,"date":"2024-12-02T11:57:27","date_gmt":"2024-12-02T10:57:27","guid":{"rendered":"https:\/\/www.grainsdepossible.fr\/?p=1450"},"modified":"2024-12-02T11:57:29","modified_gmt":"2024-12-02T10:57:29","slug":"lancre-du-vivant","status":"publish","type":"post","link":"https:\/\/www.grainsdepossible.fr\/index.php\/2024\/12\/02\/lancre-du-vivant\/","title":{"rendered":"L&rsquo;ancre du vivant"},"content":{"rendered":"\n<p>Chercherais-je encore<\/p>\n\n\n\n<p>ton <a><\/a>\u00e9coute, cet automne,<\/p>\n\n\n\n<p>sans le d\u00e9sir t\u00eatu<\/p>\n\n\n\n<p>d\u2019apprendre \u00e0 explorer<\/p>\n\n\n\n<p>mon ch\u00e2teau int\u00e9rieur ?<\/p>\n\n\n\n<p>O\u00f9 chercher, o\u00f9 aller ?<\/p>\n\n\n\n<p>De couloirs en d\u00e9dales,<\/p>\n\n\n\n<p>suivre les maux du corps ;<\/p>\n\n\n\n<p>porter \u00e0 la conscience<\/p>\n\n\n\n<p>toutes les gangues d\u2019ombre.<\/p>\n\n\n\n<p>Les voir, tout \u00e0 la fois<\/p>\n\n\n\n<p>prot\u00e9ger et clo\u00eetrer<\/p>\n\n\n\n<p>le territoire du coeur,<\/p>\n\n\n\n<p>cette ancre du vivant<\/p>\n\n\n\n<p>o\u00f9 s\u2019arrime l\u2019esp\u00e9rance.<\/p>\n\n\n\n<p>Et puis oser un pas,<\/p>\n\n\n\n<p>incertain, malhabile,<\/p>\n\n\n\n<p>hors du sillon connu<\/p>\n\n\n\n<p>devenu infertile,<\/p>\n\n\n\n<p>et accueillir la vie.<\/p>\n\n\n\n<p>Qui montre le chemin<\/p>\n\n\n\n<p>de la transformation ?<\/p>\n\n\n\n<p>baptise d\u2019esprit mercure<\/p>\n\n\n\n<p>l\u2019ego hypertrophi\u00e9 ?<\/p>\n\n\n\n<p>dissout et coagule ?<\/p>\n\n\n\n<p>Mysterieuse alchimie<\/p>\n\n\n\n<p>du donner recevoir :<\/p>\n\n\n\n<p>mati\u00e8re labour\u00e9e<\/p>\n\n\n\n<p>jusqu\u2019aux tr\u00e9fonds d\u2019elle-m\u00eame,<\/p>\n\n\n\n<p>d\u2019or soudain lumineuse.<\/p>\n\n\n\n<p>L\u2019\u00e9nergie cr\u00e9atrice<\/p>\n\n\n\n<p>spiritualise sur terre<\/p>\n\n\n\n<p>les corps, enfin rendus<\/p>\n\n\n\n<p>\u00e0 la source divine,<\/p>\n\n\n\n<p>individu\u00e9s, glorieux.<\/p>\n","protected":false},"excerpt":{"rendered":"<p>Chercherais-je encore ton \u00e9coute, cet automne, sans le d\u00e9sir t\u00eatu d\u2019apprendre \u00e0 explorer mon ch\u00e2teau int\u00e9rieur ? O\u00f9 chercher, o\u00f9 aller ? De couloirs en d\u00e9dales, suivre les maux du corps ; porter \u00e0 la conscience toutes les gangues d\u2019ombre. Les voir, tout \u00e0 la fois prot\u00e9ger et clo\u00eetrer le territoire du coeur, cette ancre du vivant o\u00f9 s\u2019arrime l\u2019esp\u00e9rance. Et puis oser un pas, incertain, malhabile, hors du sillon connu devenu infertile, et accueillir la vie. Qui montre le&#8230;<\/p>\n<p class=\"read-more\"><a class=\"btn btn-default\" href=\"https:\/\/www.grainsdepossible.fr\/index.php\/2024\/12\/02\/lancre-du-vivant\/\">Lire la suite<span class=\"screen-reader-text\"> Lire la suite<\/span><\/a><\/p>\n","protected":false},"author":2,"featured_media":1449,"comment_status":"open","ping_status":"open","sticky":true,"template":"","format":"standard","meta":[],"categories":[1],"tags":[],"yoast_head":"<!-- This site is optimized with the Yoast SEO plugin v18.6 - https:\/\/yoast.com\/wordpress\/plugins\/seo\/ -->\n<title>L&#039;ancre du vivant - Grains de Possible<\/title>\n<meta name=\"robots\" content=\"index, follow, max-snippet:-1, max-image-preview:large, max-video-preview:-1\" \/>\n<link rel=\"canonical\" href=\"https:\/\/www.grainsdepossible.fr\/index.php\/2024\/12\/02\/lancre-du-vivant\/\" \/>\n<meta property=\"og:locale\" content=\"fr_FR\" \/>\n<meta property=\"og:type\" content=\"article\" \/>\n<meta property=\"og:title\" content=\"L&#039;ancre du vivant - Grains de Possible\" \/>\n<meta property=\"og:description\" content=\"Chercherais-je encore ton \u00e9coute, cet automne, sans le d\u00e9sir t\u00eatu d\u2019apprendre \u00e0 explorer mon ch\u00e2teau int\u00e9rieur ? O\u00f9 chercher, o\u00f9 aller ? De couloirs en d\u00e9dales, suivre les maux du corps ; porter \u00e0 la conscience toutes les gangues d\u2019ombre. Les voir, tout \u00e0 la fois prot\u00e9ger et clo\u00eetrer le territoire du coeur, cette ancre du vivant o\u00f9 s\u2019arrime l\u2019esp\u00e9rance. Et puis oser un pas, incertain, malhabile, hors du sillon connu devenu infertile, et accueillir la vie. Qui montre le...Lire la suite Lire la suite\" \/>\n<meta property=\"og:url\" content=\"https:\/\/www.grainsdepossible.fr\/index.php\/2024\/12\/02\/lancre-du-vivant\/\" \/>\n<meta property=\"og:site_name\" content=\"Grains de Possible\" \/>\n<meta property=\"article:publisher\" content=\"https:\/\/www.facebook.com\/profile.php?id=100016999153784\" \/>\n<meta property=\"article:published_time\" content=\"2024-12-02T10:57:27+00:00\" \/>\n<meta property=\"article:modified_time\" content=\"2024-12-02T10:57:29+00:00\" \/>\n<meta property=\"og:image\" content=\"https:\/\/www.grainsdepossible.fr\/wp-content\/uploads\/2024\/12\/Fenetre.jpg\" \/>\n\t<meta property=\"og:image:width\" content=\"720\" \/>\n\t<meta property=\"og:image:height\" content=\"960\" \/>\n\t<meta property=\"og:image:type\" content=\"image\/jpeg\" \/>\n<meta name=\"twitter:card\" content=\"summary_large_image\" \/>\n<meta name=\"twitter:label1\" content=\"\u00c9crit par\" \/>\n\t<meta name=\"twitter:data1\" content=\"isabelle\" \/>\n\t<meta name=\"twitter:label2\" content=\"Dur\u00e9e de lecture estim\u00e9e\" \/>\n\t<meta name=\"twitter:data2\" content=\"1 minute\" \/>\n<script type=\"application\/ld+json\" class=\"yoast-schema-graph\">{\"@context\":\"https:\/\/schema.org\",\"@graph\":[{\"@type\":\"WebSite\",\"@id\":\"https:\/\/www.grainsdepossible.fr\/#website\",\"url\":\"https:\/\/www.grainsdepossible.fr\/\",\"name\":\"Grains de Possible\",\"description\":\"\",\"potentialAction\":[{\"@type\":\"SearchAction\",\"target\":{\"@type\":\"EntryPoint\",\"urlTemplate\":\"https:\/\/www.grainsdepossible.fr\/?s={search_term_string}\"},\"query-input\":\"required name=search_term_string\"}],\"inLanguage\":\"fr-FR\"},{\"@type\":\"ImageObject\",\"@id\":\"https:\/\/www.grainsdepossible.fr\/index.php\/2024\/12\/02\/lancre-du-vivant\/#primaryimage\",\"inLanguage\":\"fr-FR\",\"url\":\"https:\/\/www.grainsdepossible.fr\/wp-content\/uploads\/2024\/12\/Fenetre.jpg\",\"contentUrl\":\"https:\/\/www.grainsdepossible.fr\/wp-content\/uploads\/2024\/12\/Fenetre.jpg\",\"width\":720,\"height\":960},{\"@type\":\"WebPage\",\"@id\":\"https:\/\/www.grainsdepossible.fr\/index.php\/2024\/12\/02\/lancre-du-vivant\/#webpage\",\"url\":\"https:\/\/www.grainsdepossible.fr\/index.php\/2024\/12\/02\/lancre-du-vivant\/\",\"name\":\"L'ancre du vivant - Grains de Possible\",\"isPartOf\":{\"@id\":\"https:\/\/www.grainsdepossible.fr\/#website\"},\"primaryImageOfPage\":{\"@id\":\"https:\/\/www.grainsdepossible.fr\/index.php\/2024\/12\/02\/lancre-du-vivant\/#primaryimage\"},\"datePublished\":\"2024-12-02T10:57:27+00:00\",\"dateModified\":\"2024-12-02T10:57:29+00:00\",\"author\":{\"@id\":\"https:\/\/www.grainsdepossible.fr\/#\/schema\/person\/b759e46734406e3b835796e0c95ac5bc\"},\"breadcrumb\":{\"@id\":\"https:\/\/www.grainsdepossible.fr\/index.php\/2024\/12\/02\/lancre-du-vivant\/#breadcrumb\"},\"inLanguage\":\"fr-FR\",\"potentialAction\":[{\"@type\":\"ReadAction\",\"target\":[\"https:\/\/www.grainsdepossible.fr\/index.php\/2024\/12\/02\/lancre-du-vivant\/\"]}]},{\"@type\":\"BreadcrumbList\",\"@id\":\"https:\/\/www.grainsdepossible.fr\/index.php\/2024\/12\/02\/lancre-du-vivant\/#breadcrumb\",\"itemListElement\":[{\"@type\":\"ListItem\",\"position\":1,\"name\":\"Home\",\"item\":\"https:\/\/www.grainsdepossible.fr\/\"},{\"@type\":\"ListItem\",\"position\":2,\"name\":\"L&rsquo;ancre du vivant\"}]},{\"@type\":\"Person\",\"@id\":\"https:\/\/www.grainsdepossible.fr\/#\/schema\/person\/b759e46734406e3b835796e0c95ac5bc\",\"name\":\"isabelle\",\"image\":{\"@type\":\"ImageObject\",\"@id\":\"https:\/\/www.grainsdepossible.fr\/#personlogo\",\"inLanguage\":\"fr-FR\",\"url\":\"https:\/\/secure.gravatar.com\/avatar\/df62e7f19b2ffab9d245aee897e90916?s=96&d=mm&r=g\",\"contentUrl\":\"https:\/\/secure.gravatar.com\/avatar\/df62e7f19b2ffab9d245aee897e90916?s=96&d=mm&r=g\",\"caption\":\"isabelle\"}}]}<\/script>\n<!-- \/ Yoast SEO plugin. -->","yoast_head_json":{"title":"L'ancre du vivant - Grains de Possible","robots":{"index":"index","follow":"follow","max-snippet":"max-snippet:-1","max-image-preview":"max-image-preview:large","max-video-preview":"max-video-preview:-1"},"canonical":"https:\/\/www.grainsdepossible.fr\/index.php\/2024\/12\/02\/lancre-du-vivant\/","og_locale":"fr_FR","og_type":"article","og_title":"L'ancre du vivant - Grains de Possible","og_description":"Chercherais-je encore ton \u00e9coute, cet automne, sans le d\u00e9sir t\u00eatu d\u2019apprendre \u00e0 explorer mon ch\u00e2teau int\u00e9rieur ? O\u00f9 chercher, o\u00f9 aller ? De couloirs en d\u00e9dales, suivre les maux du corps ; porter \u00e0 la conscience toutes les gangues d\u2019ombre. Les voir, tout \u00e0 la fois prot\u00e9ger et clo\u00eetrer le territoire du coeur, cette ancre du vivant o\u00f9 s\u2019arrime l\u2019esp\u00e9rance. Et puis oser un pas, incertain, malhabile, hors du sillon connu devenu infertile, et accueillir la vie. Qui montre le...Lire la suite Lire la suite","og_url":"https:\/\/www.grainsdepossible.fr\/index.php\/2024\/12\/02\/lancre-du-vivant\/","og_site_name":"Grains de Possible","article_publisher":"https:\/\/www.facebook.com\/profile.php?id=100016999153784","article_published_time":"2024-12-02T10:57:27+00:00","article_modified_time":"2024-12-02T10:57:29+00:00","og_image":[{"width":720,"height":960,"url":"https:\/\/www.grainsdepossible.fr\/wp-content\/uploads\/2024\/12\/Fenetre.jpg","type":"image\/jpeg"}],"twitter_card":"summary_large_image","twitter_misc":{"\u00c9crit par":"isabelle","Dur\u00e9e de lecture estim\u00e9e":"1 minute"},"schema":{"@context":"https:\/\/schema.org","@graph":[{"@type":"WebSite","@id":"https:\/\/www.grainsdepossible.fr\/#website","url":"https:\/\/www.grainsdepossible.fr\/","name":"Grains de Possible","description":"","potentialAction":[{"@type":"SearchAction","target":{"@type":"EntryPoint","urlTemplate":"https:\/\/www.grainsdepossible.fr\/?s={search_term_string}"},"query-input":"required name=search_term_string"}],"inLanguage":"fr-FR"},{"@type":"ImageObject","@id":"https:\/\/www.grainsdepossible.fr\/index.php\/2024\/12\/02\/lancre-du-vivant\/#primaryimage","inLanguage":"fr-FR","url":"https:\/\/www.grainsdepossible.fr\/wp-content\/uploads\/2024\/12\/Fenetre.jpg","contentUrl":"https:\/\/www.grainsdepossible.fr\/wp-content\/uploads\/2024\/12\/Fenetre.jpg","width":720,"height":960},{"@type":"WebPage","@id":"https:\/\/www.grainsdepossible.fr\/index.php\/2024\/12\/02\/lancre-du-vivant\/#webpage","url":"https:\/\/www.grainsdepossible.fr\/index.php\/2024\/12\/02\/lancre-du-vivant\/","name":"L'ancre du vivant - Grains de Possible","isPartOf":{"@id":"https:\/\/www.grainsdepossible.fr\/#website"},"primaryImageOfPage":{"@id":"https:\/\/www.grainsdepossible.fr\/index.php\/2024\/12\/02\/lancre-du-vivant\/#primaryimage"},"datePublished":"2024-12-02T10:57:27+00:00","dateModified":"2024-12-02T10:57:29+00:00","author":{"@id":"https:\/\/www.grainsdepossible.fr\/#\/schema\/person\/b759e46734406e3b835796e0c95ac5bc"},"breadcrumb":{"@id":"https:\/\/www.grainsdepossible.fr\/index.php\/2024\/12\/02\/lancre-du-vivant\/#breadcrumb"},"inLanguage":"fr-FR","potentialAction":[{"@type":"ReadAction","target":["https:\/\/www.grainsdepossible.fr\/index.php\/2024\/12\/02\/lancre-du-vivant\/"]}]},{"@type":"BreadcrumbList","@id":"https:\/\/www.grainsdepossible.fr\/index.php\/2024\/12\/02\/lancre-du-vivant\/#breadcrumb","itemListElement":[{"@type":"ListItem","position":1,"name":"Home","item":"https:\/\/www.grainsdepossible.fr\/"},{"@type":"ListItem","position":2,"name":"L&rsquo;ancre du vivant"}]},{"@type":"Person","@id":"https:\/\/www.grainsdepossible.fr\/#\/schema\/person\/b759e46734406e3b835796e0c95ac5bc","name":"isabelle","image":{"@type":"ImageObject","@id":"https:\/\/www.grainsdepossible.fr\/#personlogo","inLanguage":"fr-FR","url":"https:\/\/secure.gravatar.com\/avatar\/df62e7f19b2ffab9d245aee897e90916?s=96&d=mm&r=g","contentUrl":"https:\/\/secure.gravatar.com\/avatar\/df62e7f19b2ffab9d245aee897e90916?s=96&d=mm&r=g","caption":"isabelle"}}]}},"_links":{"self":[{"href":"https:\/\/www.grainsdepossible.fr\/index.php\/wp-json\/wp\/v2\/posts\/1450"}],"collection":[{"href":"https:\/\/www.grainsdepossible.fr\/index.php\/wp-json\/wp\/v2\/posts"}],"about":[{"href":"https:\/\/www.grainsdepossible.fr\/index.php\/wp-json\/wp\/v2\/types\/post"}],"author":[{"embeddable":true,"href":"https:\/\/www.grainsdepossible.fr\/index.php\/wp-json\/wp\/v2\/users\/2"}],"replies":[{"embeddable":true,"href":"https:\/\/www.grainsdepossible.fr\/index.php\/wp-json\/wp\/v2\/comments?post=1450"}],"version-history":[{"count":1,"href":"https:\/\/www.grainsdepossible.fr\/index.php\/wp-json\/wp\/v2\/posts\/1450\/revisions"}],"predecessor-version":[{"id":1451,"href":"https:\/\/www.grainsdepossible.fr\/index.php\/wp-json\/wp\/v2\/posts\/1450\/revisions\/1451"}],"wp:featuredmedia":[{"embeddable":true,"href":"https:\/\/www.grainsdepossible.fr\/index.php\/wp-json\/wp\/v2\/media\/1449"}],"wp:attachment":[{"href":"https:\/\/www.grainsdepossible.fr\/index.php\/wp-json\/wp\/v2\/media?parent=1450"}],"wp:term":[{"taxonomy":"category","embeddable":true,"href":"https:\/\/www.grainsdepossible.fr\/index.php\/wp-json\/wp\/v2\/categories?post=1450"},{"taxonomy":"post_tag","embeddable":true,"href":"https:\/\/www.grainsdepossible.fr\/index.php\/wp-json\/wp\/v2\/tags?post=1450"}],"curies":[{"name":"wp","href":"https:\/\/api.w.org\/{rel}","templated":true}]}}